{"id":1210,"date":"2025-12-31T08:17:56","date_gmt":"2025-12-31T07:17:56","guid":{"rendered":"https:\/\/www.studiumleonexiv.org\/?p=1210"},"modified":"2026-01-30T09:46:03","modified_gmt":"2026-01-30T08:46:03","slug":"construir-la-paz-hoy-una-reflexion-a-partir-del-papa-leon-xiv","status":"publish","type":"post","link":"https:\/\/www.studiumleonexiv.org\/es\/construir-la-paz-hoy-una-reflexion-a-partir-del-papa-leon-xiv\/","title":{"rendered":"Construir la paz hoy: una reflexi\u00f3n a partir del Papa Le\u00f3n XIV"},"content":{"rendered":"<div class=\"wp-block-image\">\n<figure class=\"alignleft size-full is-resized\">\n  <img loading=\"lazy\" decoding=\"async\" width=\"800\" height=\"989\" src=\"https:\/\/www.studiumleonexiv.org\/wp-content\/uploads\/2025\/10\/leone-xiv.png\" alt=\"\" class=\"wp-image-38\" style=\"width:400px;height:auto\" srcset=\"https:\/\/www.studiumleonexiv.org\/wp-content\/uploads\/2025\/10\/leone-xiv-243x300.png 243w, https:\/\/www.studiumleonexiv.org\/wp-content\/uploads\/2025\/10\/leone-xiv-768x949.png 768w, https:\/\/www.studiumleonexiv.org\/wp-content\/uploads\/2025\/10\/leone-xiv.png 800w\" sizes=\"auto, (max-width: 800px) 100vw, 800px\" \/>\n<\/figure>\n<\/div>\n\n\n<p><strong>\u00abLa paz sea con todos ustedes. Hacia una paz desarmada y desarmante. La paz sea contigo\u00bb.<\/strong><br>\nCu\u00e1nta necesidad de paz existe en estos tiempos dif\u00edciles en los que vivimos, en lo que el Papa Francisco ha definido l\u00facidamente como una <em>tercera guerra mundial a pedazos<\/em>, hecha de conflictos dispersos, de violencias normalizadas y de miedos cultivados y alimentados.<\/p>\n\n\n\n<p>El Papa <strong>Le\u00f3n XIV<\/strong>, desde la misma noche de su elecci\u00f3n como Obispo de Roma, no ha dejado de invocar la paz, de llamar a la paz y de devolverle su verdad m\u00e1s profunda. Lo hace no solo en el Mensaje para la pr\u00f3xima Jornada Mundial de la Paz del 1 de enero, sino tambi\u00e9n en sus intervenciones p\u00fablicas, all\u00ed donde la paz adquiere una forma concreta en la vida de las comunidades, de las ciudades y de las instituciones.<\/p>\n\n\n\n<p>Como <strong>Centro de Estudios Internacional Le\u00f3n XIV ETS<\/strong>, promovido en el seno de la Comunidad Agustiniana de Santo Spirito en Florencia, hemos decidido relanzar <strong>juntos<\/strong> dos textos que se iluminan mutuamente: el Mensaje para la Jornada Mundial de la Paz y el Discurso dirigido a la Asociaci\u00f3n Nacional de Municipios Italianos. Dos contextos distintos, pero una misma trama de fondo.<\/p>\n\n\n\n<p>Por un lado, una reflexi\u00f3n amplia y universal sobre la paz como <em>presencia, camino y criterio de discernimiento<\/em>: la paz de Cristo resucitado, desarmada y desarmante, que no nace de la disuasi\u00f3n, de la fuerza ni del miedo. Por otro, un llamado concreto a la responsabilidad de quienes administran las ciudades, llamados a ejercer el poder como servicio, a escuchar a los m\u00e1s fr\u00e1giles, a custodiar los rostros y las historias de las personas y a construir cohesi\u00f3n social y esperanza.<\/p>\n\n\n\n<p>En ambos textos, el Papa Le\u00f3n XIV nos recuerda que la paz no es una idea abstracta ni un sentimiento privado, sino una elecci\u00f3n que atraviesa la vida cotidiana, las relaciones sociales, el lenguaje p\u00fablico y la pol\u00edtica. Una paz que se mide en la capacidad de cuidar a las familias, a los j\u00f3venes, a los ancianos y a los pobres; de combatir la soledad, la violencia y las nuevas formas de marginaci\u00f3n; y de promover una convivencia fundada en la dignidad de toda persona.<\/p>\n\n\n\n<p>Relanzamos estas dos intervenciones como <strong>una invitaci\u00f3n a la reflexi\u00f3n com\u00fan<\/strong>. No para ofrecer respuestas prefabricadas, sino para abrir un espacio de di\u00e1logo: \u00bfqu\u00e9 significa hoy, para cada uno de nosotros y para nuestras comunidades, construir una paz desarmada y desarmante? \u00bfDe qu\u00e9 manera nuestras ciudades, instituciones y relaciones pueden convertirse en lugares de escucha, responsabilidad y esperanza?<\/p>\n\n\n\n<p>Como Centro de Estudios, deseamos favorecer un di\u00e1logo abierto y plural, conscientes de que la paz nunca es un hecho individual ni una conquista solitaria, sino un camino compartido que exige el desarme del coraz\u00f3n y de la inteligencia, y el coraje de creer que otro modo de habitar la historia es posible.<\/p>\n\n\n\n<hr class=\"wp-block-separator has-alpha-channel-opacity has-lg-margin-top has-lg-margin-bottom\"\/>\n\n\n\n<p>Quienes deseen leer \u00edntegramente los dos textos del Papa Le\u00f3n XIV mencionados en este art\u00edculo pueden consultar a continuaci\u00f3n las fuentes oficiales.<\/p>\n\n\n\n<p class=\"has-text-align-center\">\n  <a href=\"https:\/\/www.vatican.va\/content\/leo-xiv\/it\/speeches\/2025\/december\/documents\/20251229-comuni-italiani.html\" target=\"_blank\" rel=\"noreferrer noopener\">\n    Discurso a los Municipios Italianos \u2013 29\/12\/2025\n  <\/a>\n  |\n  <a href=\"http:\/\/www.vatican.va\/content\/leo-xiv\/it\/messages\/peace\/documents\/20251208-messaggio-pace.html\" target=\"_blank\" rel=\"noreferrer noopener\">\n    Mensaje para la Jornada Mundial de la Paz \u2013 08\/12\/2025\n  <\/a>\n<\/p>\n\n\n\n<hr class=\"wp-block-separator has-alpha-channel-opacity has-lg-margin-top has-lg-margin-bottom\"\/>\n\n\n\n<p>El <strong>Centro de Estudios Internacional Le\u00f3n XIV ETS<\/strong> invita a compartir reflexiones, preguntas y aportaciones que puedan alimentar un di\u00e1logo cultural y espiritual sobre el tema de la paz, escribiendo a la Secretar\u00eda del Centro de Estudios.<\/p>\n\n\n\n<p><a href=\"mailto:reflections@studiumleonexiv.org\">reflections@studiumleonexiv.org<\/a><\/p>\n\n\n\n<p>Las contribuciones recibidas podr\u00e1n constituir la base para posteriores profundizaciones, encuentros y recorridos de estudio, con la convicci\u00f3n de que la paz solo se construye caminando juntos, con responsabilidad, escucha y confianza.<\/p>\n\n","protected":false},"excerpt":{"rendered":"<p>El Papa Le\u00f3n XIV recuerda con fuerza la paz como una elecci\u00f3n concreta y cotidiana, no como una idea abstracta. A trav\u00e9s del Mensaje para la Jornada Mundial de la Paz y del Discurso a los Municipios Italianos, emerge una visi\u00f3n desarmada y desarmante de la convivencia humana, fundada en la responsabilidad, la escucha y la dignidad de toda persona. El Centro de Estudios Internacional Le\u00f3n XIV relanza estos textos como una invitaci\u00f3n a una reflexi\u00f3n compartida.<\/p>\n","protected":false},"author":5,"featured_media":38,"comment_status":"closed","ping_status":"open","sticky":false,"template":"","format":"standard","meta":{"_acf_changed":false,"_genesis_hide_title":false,"_genesis_hide_breadcrumbs":false,"_genesis_hide_singular_image":false,"_genesis_hide_footer_widgets":false,"_genesis_custom_body_class":"","_genesis_custom_post_class":"","_genesis_layout":"","_EventAllDay":false,"_EventTimezone":"","_EventStartDate":"","_EventEndDate":"","_EventStartDateUTC":"","_EventEndDateUTC":"","_EventShowMap":false,"_EventShowMapLink":false,"_EventURL":"","_EventCost":"","_EventCostDescription":"","_EventCurrencySymbol":"","_EventCurrencyCode":"","_EventCurrencyPosition":"","_EventDateTimeSeparator":"","_EventTimeRangeSeparator":"","_EventOrganizerID":[],"_EventVenueID":[],"_OrganizerEmail":"","_OrganizerPhone":"","_OrganizerWebsite":"","_VenueAddress":"","_VenueCity":"","_VenueCountry":"","_VenueProvince":"","_VenueState":"","_VenueZip":"","_VenuePhone":"","_VenueURL":"","_VenueStateProvince":"","_VenueLat":"","_VenueLng":"","_VenueShowMap":false,"_VenueShowMapLink":false,"footnotes":""},"categories":[65],"tags":[],"class_list":["type-post","category-reflexiones","entry"],"acf":[],"_links":{"self":[{"href":"https:\/\/www.studiumleonexiv.org\/es\/wp-json\/wp\/v2\/posts\/1210","targetHints":{"allow":["GET"]}}],"collection":[{"href":"https:\/\/www.studiumleonexiv.org\/es\/wp-json\/wp\/v2\/posts"}],"about":[{"href":"https:\/\/www.studiumleonexiv.org\/es\/wp-json\/wp\/v2\/types\/post"}],"author":[{"embeddable":true,"href":"https:\/\/www.studiumleonexiv.org\/es\/wp-json\/wp\/v2\/users\/5"}],"replies":[{"embeddable":true,"href":"https:\/\/www.studiumleonexiv.org\/es\/wp-json\/wp\/v2\/comments?post=1210"}],"version-history":[{"count":0,"href":"https:\/\/www.studiumleonexiv.org\/es\/wp-json\/wp\/v2\/posts\/1210\/revisions"}],"wp:featuredmedia":[{"embeddable":true,"href":"https:\/\/www.studiumleonexiv.org\/es\/wp-json\/wp\/v2\/media\/38"}],"wp:attachment":[{"href":"https:\/\/www.studiumleonexiv.org\/es\/wp-json\/wp\/v2\/media?parent=1210"}],"wp:term":[{"taxonomy":"category","embeddable":true,"href":"https:\/\/www.studiumleonexiv.org\/es\/wp-json\/wp\/v2\/categories?post=1210"},{"taxonomy":"post_tag","embeddable":true,"href":"https:\/\/www.studiumleonexiv.org\/es\/wp-json\/wp\/v2\/tags?post=1210"}],"curies":[{"name":"wp","href":"https:\/\/api.w.org\/{rel}","templated":true}]}}