{"id":1677,"date":"2026-03-12T15:37:30","date_gmt":"2026-03-12T14:37:30","guid":{"rendered":"https:\/\/www.studiumleonexiv.org\/?p=1677"},"modified":"2026-03-12T16:46:21","modified_gmt":"2026-03-12T15:46:21","slug":"mons-luis-marin-de-san-martin-nuovo-elemosiniere-del-papa","status":"publish","type":"post","link":"https:\/\/www.studiumleonexiv.org\/it\/mons-luis-marin-de-san-martin-nuovo-elemosiniere-del-papa\/","title":{"rendered":"Mons. Luis Mar\u00edn de San Mart\u00edn nuovo Elemosiniere del Papa"},"content":{"rendered":"\n<figure class=\"wp-block-image size-full\"><img loading=\"lazy\" decoding=\"async\" width=\"768\" height=\"432\" src=\"https:\/\/www.studiumleonexiv.org\/wp-content\/uploads\/2026\/03\/3a2506c9-4952-490a-999d-75659641ae96.jpeg\" alt=\"\" class=\"wp-image-1678\" srcset=\"https:\/\/www.studiumleonexiv.org\/wp-content\/uploads\/2026\/03\/3a2506c9-4952-490a-999d-75659641ae96-300x169.jpeg 300w, https:\/\/www.studiumleonexiv.org\/wp-content\/uploads\/2026\/03\/3a2506c9-4952-490a-999d-75659641ae96.jpeg 768w\" sizes=\"auto, (max-width: 768px) 100vw, 768px\" \/><\/figure>\n\n\n\n<p>Il <strong>Centro Studi Internazionale Papa Leone XIV<\/strong> accoglie con grande gioia la nomina di <strong>S.E. Mons. Luis Mar\u00edn de San Mart\u00edn, O.S.A.<\/strong>, ad <strong>Elemosiniere di Sua Santit\u00e0 e Prefetto del Dicastero per il Servizio della Carit\u00e0<\/strong>.<\/p>\n\n\n\n<p>Il Santo Padre ha infatti nominato <strong>Elemosiniere di Sua Santit\u00e0, Prefetto del Dicastero per il Servizio della Carit\u00e0, S.E. Mons. Luis Mar\u00edn de San Mart\u00edn, O.S.A., Vescovo titolare di Suliana, finora Sotto-Segretario della Segreteria Generale del Sinodo, conferendogli la dignit\u00e0 di Arcivescovo.<\/strong><\/p>\n\n\n\n<p>Il <strong>Presidente del Centro Studi Internazionale Papa Leone XIV, Padre Giuseppe Pagano<\/strong>, unitamente a tutto il <strong>Consiglio Direttivo<\/strong>, esprime viva soddisfazione per questa nomina che riguarda una figura di grande valore ecclesiale e culturale, nonch\u00e9 <strong>membro del Comitato Scientifico del Centro Studi<\/strong>.<\/p>\n\n\n\n<p>Il Centro Studi Internazionale Papa Leone XIV, con sede a Firenze, rivolge a <strong>S.E. Mons. Luis Mar\u00edn de San Mart\u00edn<\/strong> le pi\u00f9 vive congratulazioni e assicura vicinanza e preghiera per il suo nuovo ministero a servizio della carit\u00e0 della Chiesa e dei pi\u00f9 poveri.<\/p>\n","protected":false},"excerpt":{"rendered":"<p>Il Centro Studi Internazionale Papa Leone XIV accoglie con gioia la nomina di S.E. Mons. Luis Mar\u00edn de San Mart\u00edn, O.S.A., membro del Comitato Scientifico, ad Elemosiniere di Sua Santit\u00e0 e Prefetto del Dicastero per il Servizio della Carit\u00e0.<\/p>\n","protected":false},"author":3,"featured_media":1678,"comment_status":"closed","ping_status":"open","sticky":false,"template":"","format":"standard","meta":{"_acf_changed":false,"_genesis_hide_title":false,"_genesis_hide_breadcrumbs":false,"_genesis_hide_singular_image":false,"_genesis_hide_footer_widgets":false,"_genesis_custom_body_class":"","_genesis_custom_post_class":"","_genesis_layout":"","_EventAllDay":false,"_EventTimezone":"","_EventStartDate":"","_EventEndDate":"","_EventStartDateUTC":"","_EventEndDateUTC":"","_EventShowMap":false,"_EventShowMapLink":false,"_EventURL":"","_EventCost":"","_EventCostDescription":"","_EventCurrencySymbol":"","_EventCurrencyCode":"","_EventCurrencyPosition":"","_EventDateTimeSeparator":"","_EventTimeRangeSeparator":"","_EventOrganizerID":[],"_EventVenueID":[],"_OrganizerEmail":"","_OrganizerPhone":"","_OrganizerWebsite":"","_VenueAddress":"","_VenueCity":"","_VenueCountry":"","_VenueProvince":"","_VenueState":"","_VenueZip":"","_VenuePhone":"","_VenueURL":"","_VenueStateProvince":"","_VenueLat":"","_VenueLng":"","_VenueShowMap":false,"_VenueShowMapLink":false,"footnotes":""},"categories":[61],"tags":[],"class_list":["type-post","category-riflessioni","entry"],"acf":[],"_links":{"self":[{"href":"https:\/\/www.studiumleonexiv.org\/it\/wp-json\/wp\/v2\/posts\/1677","targetHints":{"allow":["GET"]}}],"collection":[{"href":"https:\/\/www.studiumleonexiv.org\/it\/wp-json\/wp\/v2\/posts"}],"about":[{"href":"https:\/\/www.studiumleonexiv.org\/it\/wp-json\/wp\/v2\/types\/post"}],"author":[{"embeddable":true,"href":"https:\/\/www.studiumleonexiv.org\/it\/wp-json\/wp\/v2\/users\/3"}],"replies":[{"embeddable":true,"href":"https:\/\/www.studiumleonexiv.org\/it\/wp-json\/wp\/v2\/comments?post=1677"}],"version-history":[{"count":0,"href":"https:\/\/www.studiumleonexiv.org\/it\/wp-json\/wp\/v2\/posts\/1677\/revisions"}],"wp:featuredmedia":[{"embeddable":true,"href":"https:\/\/www.studiumleonexiv.org\/it\/wp-json\/wp\/v2\/media\/1678"}],"wp:attachment":[{"href":"https:\/\/www.studiumleonexiv.org\/it\/wp-json\/wp\/v2\/media?parent=1677"}],"wp:term":[{"taxonomy":"category","embeddable":true,"href":"https:\/\/www.studiumleonexiv.org\/it\/wp-json\/wp\/v2\/categories?post=1677"},{"taxonomy":"post_tag","embeddable":true,"href":"https:\/\/www.studiumleonexiv.org\/it\/wp-json\/wp\/v2\/tags?post=1677"}],"curies":[{"name":"wp","href":"https:\/\/api.w.org\/{rel}","templated":true}]}}